{"id":6028,"date":"2024-04-03T12:05:04","date_gmt":"2024-04-03T10:05:04","guid":{"rendered":"https:\/\/www.villemerano.com\/il-regno-del-benessere-firmato-terme-merano\/"},"modified":"2024-05-16T11:17:45","modified_gmt":"2024-05-16T09:17:45","slug":"il-regno-del-benessere-firmato-terme-merano","status":"publish","type":"post","link":"https:\/\/www.villemerano.com\/de\/il-regno-del-benessere-firmato-terme-merano\/","title":{"rendered":"Das Wohlf\u00fchlreich der Therme Meran"},"content":{"rendered":"\n<p>Die Therme Meran pr\u00e4sentiert sich als Inbegriff von Wohlbefinden und Entspannung. Die elegante Thermalanlage befindet sich direkt im Zentrum der Stadt und bietet Besuchern Zugang zu 15 ganzj\u00e4hrig ge\u00f6ffneten Pools (darunter zwei mit Radon-Thermalwasser), einem gro\u00dfz\u00fcgigen Saunabereich und einem &#8220;Spa &amp; Vital Center&#8221;.<\/p>\n\n\n\n<h5 class=\"wp-block-heading\">Hotels in Meran in der N\u00e4he der Therme: Ein Wellnessurlaub<\/h5>\n\n\n\n<p><strong>Das Garni Villa Betty und das Residence Villa Hedy sind offizielle Partner der Therme Meran.<\/strong><\/p>\n\n\n\n<p><strong>Ihre Vorteile:<\/strong><\/p>\n\n\n\n<ul class=\"wp-block-list\">\n<li>10% Erm\u00e4\u00dfigung auf den Eintritt in die Therme Meran<\/li>\n\n\n\n<li>10% Erm\u00e4\u00dfigung auf Wellness- und Sch\u00f6nheitsbehandlungen im Spa der Therme Meran<\/li>\n<\/ul>\n\n\n\n<p>Eintritt \u00fcber die Partnerkasse mit unserem Gutschein und Bezahlung auf Ihrer Hotelrechnung<\/p>\n","protected":false},"excerpt":{"rendered":"<p>Die Therme Meran pr\u00e4sentiert sich als Inbegriff von Wohlbefinden und Entspannung. Die elegante Thermalanlage befindet sich direkt im Zentrum der Stadt und bietet Besuchern Zugang zu 15 ganzj\u00e4hrig ge\u00f6ffneten Pools (darunter zwei mit Radon-Thermalwasser), einem gro\u00dfz\u00fcgigen Saunabereich und einem &#8220;Spa &#038; Vital Center&#8221;.<\/p>\n","protected":false},"author":1,"featured_media":5785,"comment_status":"closed","ping_status":"open","sticky":false,"template":"","format":"standard","meta":{"footnotes":""},"categories":[50],"tags":[],"class_list":["post-6028","post","type-post","status-publish","format-standard","has-post-thumbnail","hentry","category-dintorni-de"],"yoast_head":"<!-- This site is optimized with the Yoast SEO plugin v27.5 - https:\/\/yoast.com\/product\/yoast-seo-wordpress\/ -->\n<title>Das Wohlf\u00fchlreich der Therme Meran - Garni Villa Betty - Residence Villa Hedy<\/title>\n<meta name=\"robots\" content=\"index, follow, max-snippet:-1, max-image-preview:large, max-video-preview:-1\" \/>\n<link rel=\"canonical\" href=\"https:\/\/www.villemerano.com\/il-regno-del-benessere-firmato-terme-merano\/\" \/>\n<meta property=\"og:locale\" content=\"de_DE\" \/>\n<meta property=\"og:type\" content=\"article\" \/>\n<meta property=\"og:title\" content=\"Das Wohlf\u00fchlreich der Therme Meran - Garni Villa Betty - Residence Villa Hedy\" \/>\n<meta property=\"og:description\" content=\"Die Therme Meran pr\u00e4sentiert sich als Inbegriff von Wohlbefinden und Entspannung. Die elegante Thermalanlage befindet sich direkt im Zentrum der Stadt und bietet Besuchern Zugang zu 15 ganzj\u00e4hrig ge\u00f6ffneten Pools (darunter zwei mit Radon-Thermalwasser), einem gro\u00dfz\u00fcgigen Saunabereich und einem &quot;Spa &amp; Vital Center&quot;.\" \/>\n<meta property=\"og:url\" content=\"https:\/\/www.villemerano.com\/il-regno-del-benessere-firmato-terme-merano\/\" \/>\n<meta property=\"og:site_name\" content=\"Garni Villa Betty - Residence Villa Hedy\" \/>\n<meta property=\"article:published_time\" content=\"2024-04-03T10:05:04+00:00\" \/>\n<meta property=\"article:modified_time\" content=\"2024-05-16T09:17:45+00:00\" \/>\n<meta property=\"og:image\" content=\"https:\/\/www.villemerano.com\/wp-cntnt\/uplds\/2024\/04\/garni-villa-betty-residence-villa-hedy-dintorni-Il-regno-del-benessere-firmato-Terme-Merano.jpg\" \/>\n\t<meta property=\"og:image:width\" content=\"1280\" \/>\n\t<meta property=\"og:image:height\" content=\"720\" \/>\n\t<meta property=\"og:image:type\" content=\"image\/jpeg\" \/>\n<meta name=\"author\" content=\"beddy\" \/>\n<meta name=\"twitter:card\" content=\"summary_large_image\" \/>\n<meta name=\"twitter:label1\" content=\"Verfasst von\" \/>\n\t<meta name=\"twitter:data1\" content=\"beddy\" \/>\n\t<meta name=\"twitter:label2\" content=\"Gesch\u00e4tzte Lesezeit\" \/>\n\t<meta name=\"twitter:data2\" content=\"1\u00a0Minute\" \/>\n<script type=\"application\/ld+json\" class=\"yoast-schema-graph\">{\"@context\":\"https:\\\/\\\/schema.org\",\"@graph\":[{\"@type\":\"Article\",\"@id\":\"https:\\\/\\\/www.villemerano.com\\\/il-regno-del-benessere-firmato-terme-merano\\\/#article\",\"isPartOf\":{\"@id\":\"https:\\\/\\\/www.villemerano.com\\\/il-regno-del-benessere-firmato-terme-merano\\\/\"},\"author\":{\"name\":\"beddy\",\"@id\":\"https:\\\/\\\/www.villemerano.com\\\/#\\\/schema\\\/person\\\/368637609d75fdeebdd4a3ec63324c3d\"},\"headline\":\"Das Wohlf\u00fchlreich der Therme Meran\",\"datePublished\":\"2024-04-03T10:05:04+00:00\",\"dateModified\":\"2024-05-16T09:17:45+00:00\",\"mainEntityOfPage\":{\"@id\":\"https:\\\/\\\/www.villemerano.com\\\/il-regno-del-benessere-firmato-terme-merano\\\/\"},\"wordCount\":114,\"publisher\":{\"@id\":\"https:\\\/\\\/www.villemerano.com\\\/#organization\"},\"image\":{\"@id\":\"https:\\\/\\\/www.villemerano.com\\\/il-regno-del-benessere-firmato-terme-merano\\\/#primaryimage\"},\"thumbnailUrl\":\"https:\\\/\\\/www.villemerano.com\\\/wp-cntnt\\\/uplds\\\/2024\\\/04\\\/garni-villa-betty-residence-villa-hedy-dintorni-Il-regno-del-benessere-firmato-Terme-Merano.jpg\",\"articleSection\":[\"Dintorni\"],\"inLanguage\":\"de\"},{\"@type\":\"WebPage\",\"@id\":\"https:\\\/\\\/www.villemerano.com\\\/il-regno-del-benessere-firmato-terme-merano\\\/\",\"url\":\"https:\\\/\\\/www.villemerano.com\\\/il-regno-del-benessere-firmato-terme-merano\\\/\",\"name\":\"Das Wohlf\u00fchlreich der Therme Meran - Garni Villa Betty - Residence Villa Hedy\",\"isPartOf\":{\"@id\":\"https:\\\/\\\/www.villemerano.com\\\/#website\"},\"primaryImageOfPage\":{\"@id\":\"https:\\\/\\\/www.villemerano.com\\\/il-regno-del-benessere-firmato-terme-merano\\\/#primaryimage\"},\"image\":{\"@id\":\"https:\\\/\\\/www.villemerano.com\\\/il-regno-del-benessere-firmato-terme-merano\\\/#primaryimage\"},\"thumbnailUrl\":\"https:\\\/\\\/www.villemerano.com\\\/wp-cntnt\\\/uplds\\\/2024\\\/04\\\/garni-villa-betty-residence-villa-hedy-dintorni-Il-regno-del-benessere-firmato-Terme-Merano.jpg\",\"datePublished\":\"2024-04-03T10:05:04+00:00\",\"dateModified\":\"2024-05-16T09:17:45+00:00\",\"inLanguage\":\"de\",\"potentialAction\":[{\"@type\":\"ReadAction\",\"target\":[\"https:\\\/\\\/www.villemerano.com\\\/il-regno-del-benessere-firmato-terme-merano\\\/\"]}]},{\"@type\":\"ImageObject\",\"inLanguage\":\"de\",\"@id\":\"https:\\\/\\\/www.villemerano.com\\\/il-regno-del-benessere-firmato-terme-merano\\\/#primaryimage\",\"url\":\"https:\\\/\\\/www.villemerano.com\\\/wp-cntnt\\\/uplds\\\/2024\\\/04\\\/garni-villa-betty-residence-villa-hedy-dintorni-Il-regno-del-benessere-firmato-Terme-Merano.jpg\",\"contentUrl\":\"https:\\\/\\\/www.villemerano.com\\\/wp-cntnt\\\/uplds\\\/2024\\\/04\\\/garni-villa-betty-residence-villa-hedy-dintorni-Il-regno-del-benessere-firmato-Terme-Merano.jpg\",\"width\":1280,\"height\":720},{\"@type\":\"WebSite\",\"@id\":\"https:\\\/\\\/www.villemerano.com\\\/#website\",\"url\":\"https:\\\/\\\/www.villemerano.com\\\/\",\"name\":\"Garni Villa Betty - Residence Villa Hedy\",\"description\":\"\",\"publisher\":{\"@id\":\"https:\\\/\\\/www.villemerano.com\\\/#organization\"},\"potentialAction\":[{\"@type\":\"SearchAction\",\"target\":{\"@type\":\"EntryPoint\",\"urlTemplate\":\"https:\\\/\\\/www.villemerano.com\\\/?s={search_term_string}\"},\"query-input\":{\"@type\":\"PropertyValueSpecification\",\"valueRequired\":true,\"valueName\":\"search_term_string\"}}],\"inLanguage\":\"de\"},{\"@type\":\"Organization\",\"@id\":\"https:\\\/\\\/www.villemerano.com\\\/#organization\",\"name\":\"Garni Villa Betty - Residence Villa Hedy\",\"url\":\"https:\\\/\\\/www.villemerano.com\\\/\",\"logo\":{\"@type\":\"ImageObject\",\"inLanguage\":\"de\",\"@id\":\"https:\\\/\\\/www.villemerano.com\\\/#\\\/schema\\\/logo\\\/image\\\/\",\"url\":\"https:\\\/\\\/www.villemerano.com\\\/wp-cntnt\\\/uplds\\\/2024\\\/03\\\/cropped-garni-villa-betty-residence-villa-hedy-logo.png\",\"contentUrl\":\"https:\\\/\\\/www.villemerano.com\\\/wp-cntnt\\\/uplds\\\/2024\\\/03\\\/cropped-garni-villa-betty-residence-villa-hedy-logo.png\",\"width\":512,\"height\":512,\"caption\":\"Garni Villa Betty - Residence Villa Hedy\"},\"image\":{\"@id\":\"https:\\\/\\\/www.villemerano.com\\\/#\\\/schema\\\/logo\\\/image\\\/\"}},{\"@type\":\"Person\",\"@id\":\"https:\\\/\\\/www.villemerano.com\\\/#\\\/schema\\\/person\\\/368637609d75fdeebdd4a3ec63324c3d\",\"name\":\"beddy\",\"image\":{\"@type\":\"ImageObject\",\"inLanguage\":\"de\",\"@id\":\"https:\\\/\\\/secure.gravatar.com\\\/avatar\\\/a8aa49b8d56d97a9c45029d31fa5b89a410c4903b0f463b43f97f18bc449548e?s=96&d=mm&r=g\",\"url\":\"https:\\\/\\\/secure.gravatar.com\\\/avatar\\\/a8aa49b8d56d97a9c45029d31fa5b89a410c4903b0f463b43f97f18bc449548e?s=96&d=mm&r=g\",\"contentUrl\":\"https:\\\/\\\/secure.gravatar.com\\\/avatar\\\/a8aa49b8d56d97a9c45029d31fa5b89a410c4903b0f463b43f97f18bc449548e?s=96&d=mm&r=g\",\"caption\":\"beddy\"},\"sameAs\":[\"https:\\\/\\\/www.villemerano.com\"]}]}<\/script>\n<!-- \/ Yoast SEO plugin. -->","yoast_head_json":{"title":"Das Wohlf\u00fchlreich der Therme Meran - Garni Villa Betty - Residence Villa Hedy","robots":{"index":"index","follow":"follow","max-snippet":"max-snippet:-1","max-image-preview":"max-image-preview:large","max-video-preview":"max-video-preview:-1"},"canonical":"https:\/\/www.villemerano.com\/il-regno-del-benessere-firmato-terme-merano\/","og_locale":"de_DE","og_type":"article","og_title":"Das Wohlf\u00fchlreich der Therme Meran - Garni Villa Betty - Residence Villa Hedy","og_description":"Die Therme Meran pr\u00e4sentiert sich als Inbegriff von Wohlbefinden und Entspannung. Die elegante Thermalanlage befindet sich direkt im Zentrum der Stadt und bietet Besuchern Zugang zu 15 ganzj\u00e4hrig ge\u00f6ffneten Pools (darunter zwei mit Radon-Thermalwasser), einem gro\u00dfz\u00fcgigen Saunabereich und einem \"Spa & Vital Center\".","og_url":"https:\/\/www.villemerano.com\/il-regno-del-benessere-firmato-terme-merano\/","og_site_name":"Garni Villa Betty - Residence Villa Hedy","article_published_time":"2024-04-03T10:05:04+00:00","article_modified_time":"2024-05-16T09:17:45+00:00","og_image":[{"width":1280,"height":720,"url":"https:\/\/www.villemerano.com\/wp-cntnt\/uplds\/2024\/04\/garni-villa-betty-residence-villa-hedy-dintorni-Il-regno-del-benessere-firmato-Terme-Merano.jpg","type":"image\/jpeg"}],"author":"beddy","twitter_card":"summary_large_image","twitter_misc":{"Verfasst von":"beddy","Gesch\u00e4tzte Lesezeit":"1\u00a0Minute"},"schema":{"@context":"https:\/\/schema.org","@graph":[{"@type":"Article","@id":"https:\/\/www.villemerano.com\/il-regno-del-benessere-firmato-terme-merano\/#article","isPartOf":{"@id":"https:\/\/www.villemerano.com\/il-regno-del-benessere-firmato-terme-merano\/"},"author":{"name":"beddy","@id":"https:\/\/www.villemerano.com\/#\/schema\/person\/368637609d75fdeebdd4a3ec63324c3d"},"headline":"Das Wohlf\u00fchlreich der Therme Meran","datePublished":"2024-04-03T10:05:04+00:00","dateModified":"2024-05-16T09:17:45+00:00","mainEntityOfPage":{"@id":"https:\/\/www.villemerano.com\/il-regno-del-benessere-firmato-terme-merano\/"},"wordCount":114,"publisher":{"@id":"https:\/\/www.villemerano.com\/#organization"},"image":{"@id":"https:\/\/www.villemerano.com\/il-regno-del-benessere-firmato-terme-merano\/#primaryimage"},"thumbnailUrl":"https:\/\/www.villemerano.com\/wp-cntnt\/uplds\/2024\/04\/garni-villa-betty-residence-villa-hedy-dintorni-Il-regno-del-benessere-firmato-Terme-Merano.jpg","articleSection":["Dintorni"],"inLanguage":"de"},{"@type":"WebPage","@id":"https:\/\/www.villemerano.com\/il-regno-del-benessere-firmato-terme-merano\/","url":"https:\/\/www.villemerano.com\/il-regno-del-benessere-firmato-terme-merano\/","name":"Das Wohlf\u00fchlreich der Therme Meran - Garni Villa Betty - Residence Villa Hedy","isPartOf":{"@id":"https:\/\/www.villemerano.com\/#website"},"primaryImageOfPage":{"@id":"https:\/\/www.villemerano.com\/il-regno-del-benessere-firmato-terme-merano\/#primaryimage"},"image":{"@id":"https:\/\/www.villemerano.com\/il-regno-del-benessere-firmato-terme-merano\/#primaryimage"},"thumbnailUrl":"https:\/\/www.villemerano.com\/wp-cntnt\/uplds\/2024\/04\/garni-villa-betty-residence-villa-hedy-dintorni-Il-regno-del-benessere-firmato-Terme-Merano.jpg","datePublished":"2024-04-03T10:05:04+00:00","dateModified":"2024-05-16T09:17:45+00:00","inLanguage":"de","potentialAction":[{"@type":"ReadAction","target":["https:\/\/www.villemerano.com\/il-regno-del-benessere-firmato-terme-merano\/"]}]},{"@type":"ImageObject","inLanguage":"de","@id":"https:\/\/www.villemerano.com\/il-regno-del-benessere-firmato-terme-merano\/#primaryimage","url":"https:\/\/www.villemerano.com\/wp-cntnt\/uplds\/2024\/04\/garni-villa-betty-residence-villa-hedy-dintorni-Il-regno-del-benessere-firmato-Terme-Merano.jpg","contentUrl":"https:\/\/www.villemerano.com\/wp-cntnt\/uplds\/2024\/04\/garni-villa-betty-residence-villa-hedy-dintorni-Il-regno-del-benessere-firmato-Terme-Merano.jpg","width":1280,"height":720},{"@type":"WebSite","@id":"https:\/\/www.villemerano.com\/#website","url":"https:\/\/www.villemerano.com\/","name":"Garni Villa Betty - Residence Villa Hedy","description":"","publisher":{"@id":"https:\/\/www.villemerano.com\/#organization"},"potentialAction":[{"@type":"SearchAction","target":{"@type":"EntryPoint","urlTemplate":"https:\/\/www.villemerano.com\/?s={search_term_string}"},"query-input":{"@type":"PropertyValueSpecification","valueRequired":true,"valueName":"search_term_string"}}],"inLanguage":"de"},{"@type":"Organization","@id":"https:\/\/www.villemerano.com\/#organization","name":"Garni Villa Betty - Residence Villa Hedy","url":"https:\/\/www.villemerano.com\/","logo":{"@type":"ImageObject","inLanguage":"de","@id":"https:\/\/www.villemerano.com\/#\/schema\/logo\/image\/","url":"https:\/\/www.villemerano.com\/wp-cntnt\/uplds\/2024\/03\/cropped-garni-villa-betty-residence-villa-hedy-logo.png","contentUrl":"https:\/\/www.villemerano.com\/wp-cntnt\/uplds\/2024\/03\/cropped-garni-villa-betty-residence-villa-hedy-logo.png","width":512,"height":512,"caption":"Garni Villa Betty - Residence Villa Hedy"},"image":{"@id":"https:\/\/www.villemerano.com\/#\/schema\/logo\/image\/"}},{"@type":"Person","@id":"https:\/\/www.villemerano.com\/#\/schema\/person\/368637609d75fdeebdd4a3ec63324c3d","name":"beddy","image":{"@type":"ImageObject","inLanguage":"de","@id":"https:\/\/secure.gravatar.com\/avatar\/a8aa49b8d56d97a9c45029d31fa5b89a410c4903b0f463b43f97f18bc449548e?s=96&d=mm&r=g","url":"https:\/\/secure.gravatar.com\/avatar\/a8aa49b8d56d97a9c45029d31fa5b89a410c4903b0f463b43f97f18bc449548e?s=96&d=mm&r=g","contentUrl":"https:\/\/secure.gravatar.com\/avatar\/a8aa49b8d56d97a9c45029d31fa5b89a410c4903b0f463b43f97f18bc449548e?s=96&d=mm&r=g","caption":"beddy"},"sameAs":["https:\/\/www.villemerano.com"]}]}},"_links":{"self":[{"href":"https:\/\/www.villemerano.com\/de\/wp-json\/wp\/v2\/posts\/6028","targetHints":{"allow":["GET"]}}],"collection":[{"href":"https:\/\/www.villemerano.com\/de\/wp-json\/wp\/v2\/posts"}],"about":[{"href":"https:\/\/www.villemerano.com\/de\/wp-json\/wp\/v2\/types\/post"}],"author":[{"embeddable":true,"href":"https:\/\/www.villemerano.com\/de\/wp-json\/wp\/v2\/users\/1"}],"replies":[{"embeddable":true,"href":"https:\/\/www.villemerano.com\/de\/wp-json\/wp\/v2\/comments?post=6028"}],"version-history":[{"count":2,"href":"https:\/\/www.villemerano.com\/de\/wp-json\/wp\/v2\/posts\/6028\/revisions"}],"predecessor-version":[{"id":6031,"href":"https:\/\/www.villemerano.com\/de\/wp-json\/wp\/v2\/posts\/6028\/revisions\/6031"}],"wp:featuredmedia":[{"embeddable":true,"href":"https:\/\/www.villemerano.com\/de\/wp-json\/wp\/v2\/media\/5785"}],"wp:attachment":[{"href":"https:\/\/www.villemerano.com\/de\/wp-json\/wp\/v2\/media?parent=6028"}],"wp:term":[{"taxonomy":"category","embeddable":true,"href":"https:\/\/www.villemerano.com\/de\/wp-json\/wp\/v2\/categories?post=6028"},{"taxonomy":"post_tag","embeddable":true,"href":"https:\/\/www.villemerano.com\/de\/wp-json\/wp\/v2\/tags?post=6028"}],"curies":[{"name":"wp","href":"https:\/\/api.w.org\/{rel}","templated":true}]}}