{"id":6022,"date":"2024-04-03T12:07:04","date_gmt":"2024-04-03T10:07:04","guid":{"rendered":"https:\/\/www.villemerano.com\/i-giardini-di-castel-trauttmansdorff\/"},"modified":"2024-05-16T10:49:58","modified_gmt":"2024-05-16T08:49:58","slug":"i-giardini-di-castel-trauttmansdorff","status":"publish","type":"post","link":"https:\/\/www.villemerano.com\/de\/i-giardini-di-castel-trauttmansdorff\/","title":{"rendered":"Die G\u00e4rten von Schloss Trauttmansdorff"},"content":{"rendered":"\n<p>Die G\u00e4rten von Schloss Trauttmansdorff in Meran erstrecken sich \u00fcber eine Fl\u00e4che von 12 Hektar, die sich \u00fcber einen H\u00f6henunterschied von 100 Metern erstreckt, wo der Blick auf 80 spektakul\u00e4re botanische Umgebungen, die umliegenden Berge und die Stadt Meran f\u00e4llt. Auf den sanft gewundenen Wegen entlang der Strecke entdeckt man vier thematische Bereiche, die Pflanzen aus der ganzen Welt beherbergen, und durchquert sonnige Terrassen und pl\u00e4tschernde B\u00e4che.<\/p>\n","protected":false},"excerpt":{"rendered":"<p>Die G\u00e4rten von Schloss Trauttmansdorff in Meran erstrecken sich \u00fcber eine Fl\u00e4che von 12 Hektar, die sich \u00fcber einen H\u00f6henunterschied von 100 Metern erstreckt, wo der Blick auf 80 spektakul\u00e4re botanische Umgebungen, die umliegenden Berge und die Stadt Meran f\u00e4llt.<\/p>\n","protected":false},"author":1,"featured_media":5787,"comment_status":"closed","ping_status":"open","sticky":false,"template":"","format":"standard","meta":{"footnotes":""},"categories":[50],"tags":[],"class_list":["post-6022","post","type-post","status-publish","format-standard","has-post-thumbnail","hentry","category-dintorni-de"],"yoast_head":"<!-- This site is optimized with the Yoast SEO plugin v27.5 - https:\/\/yoast.com\/product\/yoast-seo-wordpress\/ -->\n<title>Die G\u00e4rten von Schloss Trauttmansdorff - Garni Villa Betty - Residence Villa Hedy<\/title>\n<meta name=\"robots\" content=\"index, follow, max-snippet:-1, max-image-preview:large, max-video-preview:-1\" \/>\n<link rel=\"canonical\" href=\"https:\/\/www.villemerano.com\/i-giardini-di-castel-trauttmansdorff\/\" \/>\n<meta property=\"og:locale\" content=\"de_DE\" \/>\n<meta property=\"og:type\" content=\"article\" \/>\n<meta property=\"og:title\" content=\"Die G\u00e4rten von Schloss Trauttmansdorff - Garni Villa Betty - Residence Villa Hedy\" \/>\n<meta property=\"og:description\" content=\"Die G\u00e4rten von Schloss Trauttmansdorff in Meran erstrecken sich \u00fcber eine Fl\u00e4che von 12 Hektar, die sich \u00fcber einen H\u00f6henunterschied von 100 Metern erstreckt, wo der Blick auf 80 spektakul\u00e4re botanische Umgebungen, die umliegenden Berge und die Stadt Meran f\u00e4llt.\" \/>\n<meta property=\"og:url\" content=\"https:\/\/www.villemerano.com\/i-giardini-di-castel-trauttmansdorff\/\" \/>\n<meta property=\"og:site_name\" content=\"Garni Villa Betty - Residence Villa Hedy\" \/>\n<meta property=\"article:published_time\" content=\"2024-04-03T10:07:04+00:00\" \/>\n<meta property=\"article:modified_time\" content=\"2024-05-16T08:49:58+00:00\" \/>\n<meta property=\"og:image\" content=\"https:\/\/www.villemerano.com\/wp-cntnt\/uplds\/2024\/04\/garni-villa-betty-residence-villa-hedy-dintorni-I-Giardini-di-Castel-Trauttmansdorff.jpg\" \/>\n\t<meta property=\"og:image:width\" content=\"1280\" \/>\n\t<meta property=\"og:image:height\" content=\"720\" \/>\n\t<meta property=\"og:image:type\" content=\"image\/jpeg\" \/>\n<meta name=\"author\" content=\"beddy\" \/>\n<meta name=\"twitter:card\" content=\"summary_large_image\" \/>\n<meta name=\"twitter:label1\" content=\"Verfasst von\" \/>\n\t<meta name=\"twitter:data1\" content=\"beddy\" \/>\n<script type=\"application\/ld+json\" class=\"yoast-schema-graph\">{\"@context\":\"https:\\\/\\\/schema.org\",\"@graph\":[{\"@type\":\"Article\",\"@id\":\"https:\\\/\\\/www.villemerano.com\\\/i-giardini-di-castel-trauttmansdorff\\\/#article\",\"isPartOf\":{\"@id\":\"https:\\\/\\\/www.villemerano.com\\\/i-giardini-di-castel-trauttmansdorff\\\/\"},\"author\":{\"name\":\"beddy\",\"@id\":\"https:\\\/\\\/www.villemerano.com\\\/#\\\/schema\\\/person\\\/368637609d75fdeebdd4a3ec63324c3d\"},\"headline\":\"Die G\u00e4rten von Schloss Trauttmansdorff\",\"datePublished\":\"2024-04-03T10:07:04+00:00\",\"dateModified\":\"2024-05-16T08:49:58+00:00\",\"mainEntityOfPage\":{\"@id\":\"https:\\\/\\\/www.villemerano.com\\\/i-giardini-di-castel-trauttmansdorff\\\/\"},\"wordCount\":77,\"publisher\":{\"@id\":\"https:\\\/\\\/www.villemerano.com\\\/#organization\"},\"image\":{\"@id\":\"https:\\\/\\\/www.villemerano.com\\\/i-giardini-di-castel-trauttmansdorff\\\/#primaryimage\"},\"thumbnailUrl\":\"https:\\\/\\\/www.villemerano.com\\\/wp-cntnt\\\/uplds\\\/2024\\\/04\\\/garni-villa-betty-residence-villa-hedy-dintorni-I-Giardini-di-Castel-Trauttmansdorff.jpg\",\"articleSection\":[\"Dintorni\"],\"inLanguage\":\"de\"},{\"@type\":\"WebPage\",\"@id\":\"https:\\\/\\\/www.villemerano.com\\\/i-giardini-di-castel-trauttmansdorff\\\/\",\"url\":\"https:\\\/\\\/www.villemerano.com\\\/i-giardini-di-castel-trauttmansdorff\\\/\",\"name\":\"Die G\u00e4rten von Schloss Trauttmansdorff - Garni Villa Betty - Residence Villa Hedy\",\"isPartOf\":{\"@id\":\"https:\\\/\\\/www.villemerano.com\\\/#website\"},\"primaryImageOfPage\":{\"@id\":\"https:\\\/\\\/www.villemerano.com\\\/i-giardini-di-castel-trauttmansdorff\\\/#primaryimage\"},\"image\":{\"@id\":\"https:\\\/\\\/www.villemerano.com\\\/i-giardini-di-castel-trauttmansdorff\\\/#primaryimage\"},\"thumbnailUrl\":\"https:\\\/\\\/www.villemerano.com\\\/wp-cntnt\\\/uplds\\\/2024\\\/04\\\/garni-villa-betty-residence-villa-hedy-dintorni-I-Giardini-di-Castel-Trauttmansdorff.jpg\",\"datePublished\":\"2024-04-03T10:07:04+00:00\",\"dateModified\":\"2024-05-16T08:49:58+00:00\",\"inLanguage\":\"de\",\"potentialAction\":[{\"@type\":\"ReadAction\",\"target\":[\"https:\\\/\\\/www.villemerano.com\\\/i-giardini-di-castel-trauttmansdorff\\\/\"]}]},{\"@type\":\"ImageObject\",\"inLanguage\":\"de\",\"@id\":\"https:\\\/\\\/www.villemerano.com\\\/i-giardini-di-castel-trauttmansdorff\\\/#primaryimage\",\"url\":\"https:\\\/\\\/www.villemerano.com\\\/wp-cntnt\\\/uplds\\\/2024\\\/04\\\/garni-villa-betty-residence-villa-hedy-dintorni-I-Giardini-di-Castel-Trauttmansdorff.jpg\",\"contentUrl\":\"https:\\\/\\\/www.villemerano.com\\\/wp-cntnt\\\/uplds\\\/2024\\\/04\\\/garni-villa-betty-residence-villa-hedy-dintorni-I-Giardini-di-Castel-Trauttmansdorff.jpg\",\"width\":1280,\"height\":720},{\"@type\":\"WebSite\",\"@id\":\"https:\\\/\\\/www.villemerano.com\\\/#website\",\"url\":\"https:\\\/\\\/www.villemerano.com\\\/\",\"name\":\"Garni Villa Betty - Residence Villa Hedy\",\"description\":\"\",\"publisher\":{\"@id\":\"https:\\\/\\\/www.villemerano.com\\\/#organization\"},\"potentialAction\":[{\"@type\":\"SearchAction\",\"target\":{\"@type\":\"EntryPoint\",\"urlTemplate\":\"https:\\\/\\\/www.villemerano.com\\\/?s={search_term_string}\"},\"query-input\":{\"@type\":\"PropertyValueSpecification\",\"valueRequired\":true,\"valueName\":\"search_term_string\"}}],\"inLanguage\":\"de\"},{\"@type\":\"Organization\",\"@id\":\"https:\\\/\\\/www.villemerano.com\\\/#organization\",\"name\":\"Garni Villa Betty - Residence Villa Hedy\",\"url\":\"https:\\\/\\\/www.villemerano.com\\\/\",\"logo\":{\"@type\":\"ImageObject\",\"inLanguage\":\"de\",\"@id\":\"https:\\\/\\\/www.villemerano.com\\\/#\\\/schema\\\/logo\\\/image\\\/\",\"url\":\"https:\\\/\\\/www.villemerano.com\\\/wp-cntnt\\\/uplds\\\/2024\\\/03\\\/cropped-garni-villa-betty-residence-villa-hedy-logo.png\",\"contentUrl\":\"https:\\\/\\\/www.villemerano.com\\\/wp-cntnt\\\/uplds\\\/2024\\\/03\\\/cropped-garni-villa-betty-residence-villa-hedy-logo.png\",\"width\":512,\"height\":512,\"caption\":\"Garni Villa Betty - Residence Villa Hedy\"},\"image\":{\"@id\":\"https:\\\/\\\/www.villemerano.com\\\/#\\\/schema\\\/logo\\\/image\\\/\"}},{\"@type\":\"Person\",\"@id\":\"https:\\\/\\\/www.villemerano.com\\\/#\\\/schema\\\/person\\\/368637609d75fdeebdd4a3ec63324c3d\",\"name\":\"beddy\",\"image\":{\"@type\":\"ImageObject\",\"inLanguage\":\"de\",\"@id\":\"https:\\\/\\\/secure.gravatar.com\\\/avatar\\\/a8aa49b8d56d97a9c45029d31fa5b89a410c4903b0f463b43f97f18bc449548e?s=96&d=mm&r=g\",\"url\":\"https:\\\/\\\/secure.gravatar.com\\\/avatar\\\/a8aa49b8d56d97a9c45029d31fa5b89a410c4903b0f463b43f97f18bc449548e?s=96&d=mm&r=g\",\"contentUrl\":\"https:\\\/\\\/secure.gravatar.com\\\/avatar\\\/a8aa49b8d56d97a9c45029d31fa5b89a410c4903b0f463b43f97f18bc449548e?s=96&d=mm&r=g\",\"caption\":\"beddy\"},\"sameAs\":[\"https:\\\/\\\/www.villemerano.com\"]}]}<\/script>\n<!-- \/ Yoast SEO plugin. -->","yoast_head_json":{"title":"Die G\u00e4rten von Schloss Trauttmansdorff - Garni Villa Betty - Residence Villa Hedy","robots":{"index":"index","follow":"follow","max-snippet":"max-snippet:-1","max-image-preview":"max-image-preview:large","max-video-preview":"max-video-preview:-1"},"canonical":"https:\/\/www.villemerano.com\/i-giardini-di-castel-trauttmansdorff\/","og_locale":"de_DE","og_type":"article","og_title":"Die G\u00e4rten von Schloss Trauttmansdorff - Garni Villa Betty - Residence Villa Hedy","og_description":"Die G\u00e4rten von Schloss Trauttmansdorff in Meran erstrecken sich \u00fcber eine Fl\u00e4che von 12 Hektar, die sich \u00fcber einen H\u00f6henunterschied von 100 Metern erstreckt, wo der Blick auf 80 spektakul\u00e4re botanische Umgebungen, die umliegenden Berge und die Stadt Meran f\u00e4llt.","og_url":"https:\/\/www.villemerano.com\/i-giardini-di-castel-trauttmansdorff\/","og_site_name":"Garni Villa Betty - Residence Villa Hedy","article_published_time":"2024-04-03T10:07:04+00:00","article_modified_time":"2024-05-16T08:49:58+00:00","og_image":[{"width":1280,"height":720,"url":"https:\/\/www.villemerano.com\/wp-cntnt\/uplds\/2024\/04\/garni-villa-betty-residence-villa-hedy-dintorni-I-Giardini-di-Castel-Trauttmansdorff.jpg","type":"image\/jpeg"}],"author":"beddy","twitter_card":"summary_large_image","twitter_misc":{"Verfasst von":"beddy"},"schema":{"@context":"https:\/\/schema.org","@graph":[{"@type":"Article","@id":"https:\/\/www.villemerano.com\/i-giardini-di-castel-trauttmansdorff\/#article","isPartOf":{"@id":"https:\/\/www.villemerano.com\/i-giardini-di-castel-trauttmansdorff\/"},"author":{"name":"beddy","@id":"https:\/\/www.villemerano.com\/#\/schema\/person\/368637609d75fdeebdd4a3ec63324c3d"},"headline":"Die G\u00e4rten von Schloss Trauttmansdorff","datePublished":"2024-04-03T10:07:04+00:00","dateModified":"2024-05-16T08:49:58+00:00","mainEntityOfPage":{"@id":"https:\/\/www.villemerano.com\/i-giardini-di-castel-trauttmansdorff\/"},"wordCount":77,"publisher":{"@id":"https:\/\/www.villemerano.com\/#organization"},"image":{"@id":"https:\/\/www.villemerano.com\/i-giardini-di-castel-trauttmansdorff\/#primaryimage"},"thumbnailUrl":"https:\/\/www.villemerano.com\/wp-cntnt\/uplds\/2024\/04\/garni-villa-betty-residence-villa-hedy-dintorni-I-Giardini-di-Castel-Trauttmansdorff.jpg","articleSection":["Dintorni"],"inLanguage":"de"},{"@type":"WebPage","@id":"https:\/\/www.villemerano.com\/i-giardini-di-castel-trauttmansdorff\/","url":"https:\/\/www.villemerano.com\/i-giardini-di-castel-trauttmansdorff\/","name":"Die G\u00e4rten von Schloss Trauttmansdorff - Garni Villa Betty - Residence Villa Hedy","isPartOf":{"@id":"https:\/\/www.villemerano.com\/#website"},"primaryImageOfPage":{"@id":"https:\/\/www.villemerano.com\/i-giardini-di-castel-trauttmansdorff\/#primaryimage"},"image":{"@id":"https:\/\/www.villemerano.com\/i-giardini-di-castel-trauttmansdorff\/#primaryimage"},"thumbnailUrl":"https:\/\/www.villemerano.com\/wp-cntnt\/uplds\/2024\/04\/garni-villa-betty-residence-villa-hedy-dintorni-I-Giardini-di-Castel-Trauttmansdorff.jpg","datePublished":"2024-04-03T10:07:04+00:00","dateModified":"2024-05-16T08:49:58+00:00","inLanguage":"de","potentialAction":[{"@type":"ReadAction","target":["https:\/\/www.villemerano.com\/i-giardini-di-castel-trauttmansdorff\/"]}]},{"@type":"ImageObject","inLanguage":"de","@id":"https:\/\/www.villemerano.com\/i-giardini-di-castel-trauttmansdorff\/#primaryimage","url":"https:\/\/www.villemerano.com\/wp-cntnt\/uplds\/2024\/04\/garni-villa-betty-residence-villa-hedy-dintorni-I-Giardini-di-Castel-Trauttmansdorff.jpg","contentUrl":"https:\/\/www.villemerano.com\/wp-cntnt\/uplds\/2024\/04\/garni-villa-betty-residence-villa-hedy-dintorni-I-Giardini-di-Castel-Trauttmansdorff.jpg","width":1280,"height":720},{"@type":"WebSite","@id":"https:\/\/www.villemerano.com\/#website","url":"https:\/\/www.villemerano.com\/","name":"Garni Villa Betty - Residence Villa Hedy","description":"","publisher":{"@id":"https:\/\/www.villemerano.com\/#organization"},"potentialAction":[{"@type":"SearchAction","target":{"@type":"EntryPoint","urlTemplate":"https:\/\/www.villemerano.com\/?s={search_term_string}"},"query-input":{"@type":"PropertyValueSpecification","valueRequired":true,"valueName":"search_term_string"}}],"inLanguage":"de"},{"@type":"Organization","@id":"https:\/\/www.villemerano.com\/#organization","name":"Garni Villa Betty - Residence Villa Hedy","url":"https:\/\/www.villemerano.com\/","logo":{"@type":"ImageObject","inLanguage":"de","@id":"https:\/\/www.villemerano.com\/#\/schema\/logo\/image\/","url":"https:\/\/www.villemerano.com\/wp-cntnt\/uplds\/2024\/03\/cropped-garni-villa-betty-residence-villa-hedy-logo.png","contentUrl":"https:\/\/www.villemerano.com\/wp-cntnt\/uplds\/2024\/03\/cropped-garni-villa-betty-residence-villa-hedy-logo.png","width":512,"height":512,"caption":"Garni Villa Betty - Residence Villa Hedy"},"image":{"@id":"https:\/\/www.villemerano.com\/#\/schema\/logo\/image\/"}},{"@type":"Person","@id":"https:\/\/www.villemerano.com\/#\/schema\/person\/368637609d75fdeebdd4a3ec63324c3d","name":"beddy","image":{"@type":"ImageObject","inLanguage":"de","@id":"https:\/\/secure.gravatar.com\/avatar\/a8aa49b8d56d97a9c45029d31fa5b89a410c4903b0f463b43f97f18bc449548e?s=96&d=mm&r=g","url":"https:\/\/secure.gravatar.com\/avatar\/a8aa49b8d56d97a9c45029d31fa5b89a410c4903b0f463b43f97f18bc449548e?s=96&d=mm&r=g","contentUrl":"https:\/\/secure.gravatar.com\/avatar\/a8aa49b8d56d97a9c45029d31fa5b89a410c4903b0f463b43f97f18bc449548e?s=96&d=mm&r=g","caption":"beddy"},"sameAs":["https:\/\/www.villemerano.com"]}]}},"_links":{"self":[{"href":"https:\/\/www.villemerano.com\/de\/wp-json\/wp\/v2\/posts\/6022","targetHints":{"allow":["GET"]}}],"collection":[{"href":"https:\/\/www.villemerano.com\/de\/wp-json\/wp\/v2\/posts"}],"about":[{"href":"https:\/\/www.villemerano.com\/de\/wp-json\/wp\/v2\/types\/post"}],"author":[{"embeddable":true,"href":"https:\/\/www.villemerano.com\/de\/wp-json\/wp\/v2\/users\/1"}],"replies":[{"embeddable":true,"href":"https:\/\/www.villemerano.com\/de\/wp-json\/wp\/v2\/comments?post=6022"}],"version-history":[{"count":1,"href":"https:\/\/www.villemerano.com\/de\/wp-json\/wp\/v2\/posts\/6022\/revisions"}],"predecessor-version":[{"id":6024,"href":"https:\/\/www.villemerano.com\/de\/wp-json\/wp\/v2\/posts\/6022\/revisions\/6024"}],"wp:featuredmedia":[{"embeddable":true,"href":"https:\/\/www.villemerano.com\/de\/wp-json\/wp\/v2\/media\/5787"}],"wp:attachment":[{"href":"https:\/\/www.villemerano.com\/de\/wp-json\/wp\/v2\/media?parent=6022"}],"wp:term":[{"taxonomy":"category","embeddable":true,"href":"https:\/\/www.villemerano.com\/de\/wp-json\/wp\/v2\/categories?post=6022"},{"taxonomy":"post_tag","embeddable":true,"href":"https:\/\/www.villemerano.com\/de\/wp-json\/wp\/v2\/tags?post=6022"}],"curies":[{"name":"wp","href":"https:\/\/api.w.org\/{rel}","templated":true}]}}